{"id":1932,"date":"2024-10-11T20:57:31","date_gmt":"2024-10-11T18:57:31","guid":{"rendered":"http:\/\/mistifly.bplaced.net\/wordpress\/?p=1932"},"modified":"2024-10-11T21:14:40","modified_gmt":"2024-10-11T19:14:40","slug":"unsere-sommerkonzerte-2024","status":"publish","type":"post","link":"http:\/\/mistifly.bplaced.net\/wordpress\/unsere-sommerkonzerte-2024\/","title":{"rendered":"Unsere Sommerkonzerte 2024"},"content":{"rendered":"<p>Traditionell waren wir beim Parkfest in Biehlen am 06 Juli im Schatten unter dem Bl\u00e4tterdach des Auenparks:<br \/>\n<a href=\"http:\/\/mistifly.bplaced.net\/wordpress\/wp-content\/uploads\/2024\/10\/pf_2024.jpg\" rel=\"lightbox[1932]\"><img loading=\"lazy\" decoding=\"async\" class=\"alignleft size-full wp-image-1935\" alt=\"pf_2024\" src=\"http:\/\/mistifly.bplaced.net\/wordpress\/wp-content\/uploads\/2024\/10\/pf_2024.jpg\" width=\"600\" height=\"450\" srcset=\"http:\/\/mistifly.bplaced.net\/wordpress\/wp-content\/uploads\/2024\/10\/pf_2024.jpg 600w, http:\/\/mistifly.bplaced.net\/wordpress\/wp-content\/uploads\/2024\/10\/pf_2024-300x225.jpg 300w\" sizes=\"auto, (max-width: 600px) 100vw, 600px\" \/><\/a><\/p>\n<p>&nbsp;<br \/>\nmit reichlich Wasser von oben zum &#8220;Wasser&#8221;turmfest in Schwarzheide am 15. September:<br \/>\n<a href=\"http:\/\/mistifly.bplaced.net\/wordpress\/wp-content\/uploads\/2024\/10\/wasserturmfest_2024_.jpg\" rel=\"lightbox[1932]\"><img loading=\"lazy\" decoding=\"async\" class=\"alignleft size-full wp-image-1938\" alt=\"wasserturmfest_2024_\" src=\"http:\/\/mistifly.bplaced.net\/wordpress\/wp-content\/uploads\/2024\/10\/wasserturmfest_2024_.jpg\" width=\"600\" height=\"450\" srcset=\"http:\/\/mistifly.bplaced.net\/wordpress\/wp-content\/uploads\/2024\/10\/wasserturmfest_2024_.jpg 600w, http:\/\/mistifly.bplaced.net\/wordpress\/wp-content\/uploads\/2024\/10\/wasserturmfest_2024_-300x225.jpg 300w\" sizes=\"auto, (max-width: 600px) 100vw, 600px\" \/><\/a><\/p>\n<p>&nbsp;<\/p>\n<p>&nbsp;<\/p>\n<p>&nbsp;<\/p>\n<p>&nbsp;<\/p>\n<p>&nbsp;<\/p>\n<p>&nbsp;<\/p>\n<p>&nbsp;<\/p>\n<p>sowie beim Fest der Kulturen in Gro\u00dfr\u00e4schen am 28. September:<br \/>\n<a href=\"http:\/\/mistifly.bplaced.net\/wordpress\/wp-content\/uploads\/2024\/10\/IMG-20240928-WA0011__.jpg\" rel=\"lightbox[1932]\"><img loading=\"lazy\" decoding=\"async\" class=\"alignleft size-full wp-image-1940\" alt=\"IMG-20240928-WA0011__\" src=\"http:\/\/mistifly.bplaced.net\/wordpress\/wp-content\/uploads\/2024\/10\/IMG-20240928-WA0011__.jpg\" width=\"600\" height=\"450\" srcset=\"http:\/\/mistifly.bplaced.net\/wordpress\/wp-content\/uploads\/2024\/10\/IMG-20240928-WA0011__.jpg 600w, http:\/\/mistifly.bplaced.net\/wordpress\/wp-content\/uploads\/2024\/10\/IMG-20240928-WA0011__-300x225.jpg 300w\" sizes=\"auto, (max-width: 600px) 100vw, 600px\" \/><\/a><\/p>\n<p>Inzwischen ist es jedoch Herbst geworden, die Auftritte unter freiem Himmel sind sowohl f\u00fcr das Publikum als auch f\u00fcr uns ungem\u00fctlich. Deshalb sehen wir uns am<br \/>\n<strong>9.11.2024<\/strong><br \/>\n<strong>zum Herbstkonzert<\/strong><br \/>\nin der beheizten Nikolaikirche Lauchhammer-Mitte wieder.<br \/>\nAb 16.00 Uhr (Einlass 15.30 Uhr) erklingen<br \/>\nBalladen, Klassik, Schlager, Rock und Pop,<br \/>\nes wird f\u00fcr jeden Geschmack etwas dabei sein.<\/p>\n","protected":false},"excerpt":{"rendered":"<p>Traditionell waren wir beim Parkfest in Biehlen am 06 Juli im Schatten unter dem Bl\u00e4tterdach des Auenparks: &nbsp; mit reichlich Wasser von oben zum &#8220;Wasser&#8221;turmfest in Schwarzheide am 15. September: &nbsp; &nbsp; &nbsp; &nbsp; &nbsp; &nbsp; &nbsp; sowie beim Fest &hellip; <a href=\"http:\/\/mistifly.bplaced.net\/wordpress\/unsere-sommerkonzerte-2024\/\">Continue reading <span class=\"meta-nav\">&rarr;<\/span><\/a><\/p>\n","protected":false},"author":2,"featured_media":0,"comment_status":"closed","ping_status":"closed","sticky":false,"template":"","format":"standard","meta":{"footnotes":""},"categories":[1],"tags":[],"class_list":["post-1932","post","type-post","status-publish","format-standard","hentry","category-allgemein"],"_links":{"self":[{"href":"http:\/\/mistifly.bplaced.net\/wordpress\/wp-json\/wp\/v2\/posts\/1932","targetHints":{"allow":["GET"]}}],"collection":[{"href":"http:\/\/mistifly.bplaced.net\/wordpress\/wp-json\/wp\/v2\/posts"}],"about":[{"href":"http:\/\/mistifly.bplaced.net\/wordpress\/wp-json\/wp\/v2\/types\/post"}],"author":[{"embeddable":true,"href":"http:\/\/mistifly.bplaced.net\/wordpress\/wp-json\/wp\/v2\/users\/2"}],"replies":[{"embeddable":true,"href":"http:\/\/mistifly.bplaced.net\/wordpress\/wp-json\/wp\/v2\/comments?post=1932"}],"version-history":[{"count":11,"href":"http:\/\/mistifly.bplaced.net\/wordpress\/wp-json\/wp\/v2\/posts\/1932\/revisions"}],"predecessor-version":[{"id":1943,"href":"http:\/\/mistifly.bplaced.net\/wordpress\/wp-json\/wp\/v2\/posts\/1932\/revisions\/1943"}],"wp:attachment":[{"href":"http:\/\/mistifly.bplaced.net\/wordpress\/wp-json\/wp\/v2\/media?parent=1932"}],"wp:term":[{"taxonomy":"category","embeddable":true,"href":"http:\/\/mistifly.bplaced.net\/wordpress\/wp-json\/wp\/v2\/categories?post=1932"},{"taxonomy":"post_tag","embeddable":true,"href":"http:\/\/mistifly.bplaced.net\/wordpress\/wp-json\/wp\/v2\/tags?post=1932"}],"curies":[{"name":"wp","href":"https:\/\/api.w.org\/{rel}","templated":true}]}}